{"id":502,"date":"2025-01-11T15:14:52","date_gmt":"2025-01-11T15:14:52","guid":{"rendered":"https:\/\/musaiq.eu\/?p=502"},"modified":"2025-01-11T15:26:21","modified_gmt":"2025-01-11T15:26:21","slug":"mosaik-der-vielfalt","status":"publish","type":"post","link":"https:\/\/musaiq.eu\/?p=502","title":{"rendered":"Workshop &amp; Ausstellung | Mosaik der Vielfalt"},"content":{"rendered":"\n<p>Im Oktober 2024 fanden ein Workshopwochenende und eine Vernissage als orientalischer Nachmittag statt. Bis Ende November wurde das Werk in der Stadtbibliothek Magdeburg ausgestellt. <\/p>\n\n\n\n<p>Das Konzept des Kunstwerks folgt der Idee Gesellschaft symbolisch darzustellen: erst durch die Gesamtheit der Kacheln entsteht ein Werk.<br>Vielfalt und Verbundenheit sind das Material aus dem Gesellschaft gemacht ist.<br>Aufgrund des Musters ist das Kunstwerk unendlich erweiterbar. Im Gegensatz zum Gem\u00e4lde ist und bleibt das Mosaik dynamisch. Eine Gesellschaft, die sich nicht ver\u00e4ndert, zerbricht an ihrer Fixiertheit, an ihrer Starrheit.<br>Gleichzeitig wohnt dem Mosaik immer auch etwas fragiles, zerbrechliches inne: es verweist auf Zwischenr\u00e4ume, deckt Spalten nicht zu und verwischt Risse nicht. Das Einzelne bleibt sichtbar doch erst \u00fcber die Verbindung, die Verkn\u00fcpfungen miteinander, gewinnt das gro\u00dfe Ganze an Kraft und Stabilit\u00e4t. So funktioniert Gesellschaft.<\/p>\n\n\n<div id=\"metaslider-id-503\" style=\"width: 100%;\" class=\"ml-slider-3-94-0 metaslider metaslider-flex metaslider-503 ml-slider ms-theme-default-base has-dots-nav\" role=\"region\" aria-roledescription=\"Slideshow\" aria-label=\"New Slideshow\">\n    <div id=\"metaslider_container_503\">\n        <div id=\"metaslider_503\">\n            <ul class='slides'>\n                <li style=\"display: block; width: 100%;\" class=\"slide-506 ms-image \" aria-roledescription=\"slide\" aria-label=\"slide-506\"><img loading=\"lazy\" decoding=\"async\" src=\"https:\/\/musaiq.eu\/wp-content\/uploads\/2025\/01\/IMG-20250111-WA0002-700x300.jpg\" height=\"300\" width=\"700\" alt=\"\" class=\"slider-503 slide-506\" title=\"IMG-20250111-WA0002\" \/><\/li>\n                <li style=\"display: none; width: 100%;\" class=\"slide-504 ms-image \" aria-roledescription=\"slide\" aria-label=\"slide-504\"><img loading=\"lazy\" decoding=\"async\" src=\"https:\/\/musaiq.eu\/wp-content\/uploads\/2025\/01\/IMG-20250111-WA0009-700x300.jpg\" height=\"300\" width=\"700\" alt=\"\" class=\"slider-503 slide-504\" title=\"IMG-20250111-WA0009\" \/><\/li>\n                <li style=\"display: none; width: 100%;\" class=\"slide-513 ms-image \" aria-roledescription=\"slide\" aria-label=\"slide-513\"><img loading=\"lazy\" decoding=\"async\" src=\"https:\/\/musaiq.eu\/wp-content\/uploads\/2025\/01\/IMG-20250111-WA0001-700x300.jpg\" height=\"300\" width=\"700\" alt=\"\" class=\"slider-503 slide-513\" title=\"IMG-20250111-WA0001\" \/><\/li>\n                <li style=\"display: none; width: 100%;\" class=\"slide-515 ms-image \" aria-roledescription=\"slide\" aria-label=\"slide-515\"><img loading=\"lazy\" decoding=\"async\" src=\"https:\/\/musaiq.eu\/wp-content\/uploads\/2025\/01\/IMG-20250111-WA0010-700x300.jpg\" height=\"300\" width=\"700\" alt=\"\" class=\"slider-503 slide-515\" title=\"IMG-20250111-WA0010\" \/><\/li>\n            <\/ul>\n        <\/div>\n        \n    <\/div>\n<\/div>\n\n\n\n<p>Gef\u00f6rdert durch:<\/p>\n\n\n\n<p><a href=\"https:\/\/resonanzboden.global\/ueber-uns\/uber-uns\/\" target=\"_blank\" rel=\"noreferrer noopener\">Resonanzboden \/\/ House of Resources Magdeburg<\/a> <br><em><sub>In Tr\u00e4gerschaft der\u00a0<a href=\"https:\/\/www.lkj-lsa.de\/\" target=\"_blank\" rel=\"noreferrer noopener\">lkj) \u2013 Landesvereinigung kulturelle Kinder- und Jugendbildung Sachsen-Anhalt e. V.<\/a>\u00a0<br>In Kooperation mit der\u00a0<a href=\"https:\/\/www.agsa.de\/aktuelles.html\" target=\"_blank\" rel=\"noreferrer noopener\">Auslandsgesellschaft Sachsen-Anhalt (AGSA) e. V.\u00a0<\/a><\/sub><\/em><\/p>\n\n\n\n<div style=\"height:52px\" aria-hidden=\"true\" class=\"wp-block-spacer\"><\/div>\n\n\n\n<p><a href=\"https:\/\/musaiq.eu\/?page_id=296\">Zur\u00fcck zur \u00dcbersicht 2024<\/a><\/p>\n","protected":false},"excerpt":{"rendered":"<p>Im Oktober 2024 fanden ein Workshopwochenende und eine Vernissage als orientalischer Nachmittag statt. Bis Ende November wurde das Werk in der Stadtbibliothek Magdeburg ausgestellt. Das Konzept des Kunstwerks folgt der Idee Gesellschaft symbolisch darzustellen: erst durch die Gesamtheit der Kacheln entsteht ein Werk.Vielfalt und Verbundenheit sind das Material aus dem Gesellschaft gemacht ist.Aufgrund des Musters &hellip; <\/p>\n<p class=\"link-more\"><a href=\"https:\/\/musaiq.eu\/?p=502\" class=\"more-link\"><span class=\"screen-reader-text\">\u201eWorkshop &amp; Ausstellung | Mosaik der Vielfalt\u201c<\/span> weiterlesen<\/a><\/p>\n","protected":false},"author":1,"featured_media":0,"comment_status":"closed","ping_status":"open","sticky":false,"template":"","format":"standard","meta":{"footnotes":""},"categories":[30,26],"tags":[],"class_list":["post-502","post","type-post","status-publish","format-standard","hentry","category-2024_9","category-gefoerderte-projekte"],"_links":{"self":[{"href":"https:\/\/musaiq.eu\/index.php?rest_route=\/wp\/v2\/posts\/502","targetHints":{"allow":["GET"]}}],"collection":[{"href":"https:\/\/musaiq.eu\/index.php?rest_route=\/wp\/v2\/posts"}],"about":[{"href":"https:\/\/musaiq.eu\/index.php?rest_route=\/wp\/v2\/types\/post"}],"author":[{"embeddable":true,"href":"https:\/\/musaiq.eu\/index.php?rest_route=\/wp\/v2\/users\/1"}],"replies":[{"embeddable":true,"href":"https:\/\/musaiq.eu\/index.php?rest_route=%2Fwp%2Fv2%2Fcomments&post=502"}],"version-history":[{"count":5,"href":"https:\/\/musaiq.eu\/index.php?rest_route=\/wp\/v2\/posts\/502\/revisions"}],"predecessor-version":[{"id":511,"href":"https:\/\/musaiq.eu\/index.php?rest_route=\/wp\/v2\/posts\/502\/revisions\/511"}],"wp:attachment":[{"href":"https:\/\/musaiq.eu\/index.php?rest_route=%2Fwp%2Fv2%2Fmedia&parent=502"}],"wp:term":[{"taxonomy":"category","embeddable":true,"href":"https:\/\/musaiq.eu\/index.php?rest_route=%2Fwp%2Fv2%2Fcategories&post=502"},{"taxonomy":"post_tag","embeddable":true,"href":"https:\/\/musaiq.eu\/index.php?rest_route=%2Fwp%2Fv2%2Ftags&post=502"}],"curies":[{"name":"wp","href":"https:\/\/api.w.org\/{rel}","templated":true}]}}