{"id":314,"date":"2025-01-05T14:25:27","date_gmt":"2025-01-05T14:25:27","guid":{"rendered":"https:\/\/musaiq.eu\/?p=314"},"modified":"2025-01-09T20:37:56","modified_gmt":"2025-01-09T20:37:56","slug":"ferienkurse-nachts-im-museum","status":"publish","type":"post","link":"https:\/\/musaiq.eu\/?p=314","title":{"rendered":"Ferienkurse | Nachts im Museum"},"content":{"rendered":"\n<p>\u00dcber zwei Ferienkurse in den Sommerferien 2024 wurden die teilnehmenden Kinder und Jugendlichen dazu angeregt, sich in das m\u00f6gliche Treiben des n\u00e4chtlichen Spengler-Museums in Sangerhausen zu versetzen. Im ersten Ferienkurs wurden einzelne Ausstellungst\u00fccke ausgew\u00e4hlt, Geschichten dazu erfunden und so Museumsinhalte fantasievoll in Einzelbilder abstrahiert. In Kombination von Acrylmalerei und Mosaiktechnik entstanden Bildplatten. Im zweiten Angebot bildeten die erdachten Geschichten die Grundlage f\u00fcr gro\u00dfe Mosaikbilder in freier Form, die zueinander in Beziehung stehen. <\/p>\n\n\n\n<div class=\"alignnormal\"><div id=\"metaslider-id-319\" style=\"width: 100%;\" class=\"ml-slider-3-94-0 metaslider metaslider-flex metaslider-319 ml-slider ms-theme-default-base has-dots-nav\" role=\"region\" aria-roledescription=\"Slideshow\" aria-label=\"New Slideshow\">\n    <div id=\"metaslider_container_319\">\n        <div id=\"metaslider_319\">\n            <ul class='slides'>\n                <li style=\"display: block; width: 100%;\" class=\"slide-322 ms-image \" aria-roledescription=\"slide\" aria-label=\"slide-322\"><img loading=\"lazy\" decoding=\"async\" src=\"https:\/\/musaiq.eu\/wp-content\/uploads\/2025\/01\/4_Ersatz_Anton-MaxAnni-im-Museum-e1736087021337-700x300.jpg\" height=\"300\" width=\"700\" alt=\"\" class=\"slider-319 slide-322\" title=\"4_Ersatz_Anton, Max,Anni im Museum\" \/><\/li>\n                <li style=\"display: none; width: 100%;\" class=\"slide-324 ms-image \" aria-roledescription=\"slide\" aria-label=\"slide-324\"><img loading=\"lazy\" decoding=\"async\" src=\"https:\/\/musaiq.eu\/wp-content\/uploads\/2025\/01\/3-scaled-e1736086872143-700x300.jpg\" height=\"300\" width=\"700\" alt=\"\" class=\"slider-319 slide-324\" title=\"3\" \/><\/li>\n                <li style=\"display: none; width: 100%;\" class=\"slide-325 ms-image \" aria-roledescription=\"slide\" aria-label=\"slide-325\"><img loading=\"lazy\" decoding=\"async\" src=\"https:\/\/musaiq.eu\/wp-content\/uploads\/2025\/01\/2-scaled-700x300.jpg\" height=\"300\" width=\"700\" alt=\"\" class=\"slider-319 slide-325\" title=\"2\" \/><\/li>\n            <\/ul>\n        <\/div>\n        \n    <\/div>\n<\/div><\/div>\n\n\n\n<p>Diese Angebote wurden gef\u00f6rdert von:<\/p>\n\n\n\n<figure class=\"wp-block-image size-large\"><img loading=\"lazy\" decoding=\"async\" width=\"1024\" height=\"230\" src=\"http:\/\/musaiq.eu\/wp-content\/uploads\/2025\/01\/WKK_KMS_BMF_farbig_web_neu-KMS-III--1024x230.png\" alt=\"\" class=\"wp-image-321\" srcset=\"https:\/\/musaiq.eu\/wp-content\/uploads\/2025\/01\/WKK_KMS_BMF_farbig_web_neu-KMS-III--1024x230.png 1024w, https:\/\/musaiq.eu\/wp-content\/uploads\/2025\/01\/WKK_KMS_BMF_farbig_web_neu-KMS-III--300x67.png 300w, https:\/\/musaiq.eu\/wp-content\/uploads\/2025\/01\/WKK_KMS_BMF_farbig_web_neu-KMS-III--768x172.png 768w, https:\/\/musaiq.eu\/wp-content\/uploads\/2025\/01\/WKK_KMS_BMF_farbig_web_neu-KMS-III--1536x345.png 1536w, https:\/\/musaiq.eu\/wp-content\/uploads\/2025\/01\/WKK_KMS_BMF_farbig_web_neu-KMS-III--2048x460.png 2048w\" sizes=\"auto, (max-width: 706px) 89vw, (max-width: 767px) 82vw, 740px\" \/><\/figure>\n\n\n\n<div style=\"height:49px\" aria-hidden=\"true\" class=\"wp-block-spacer\"><\/div>\n\n\n\n<p><a href=\"https:\/\/musaiq.eu\/?page_id=296\">Zur\u00fcck zur \u00dcbersicht 2024<\/a><\/p>\n","protected":false},"excerpt":{"rendered":"<p>\u00dcber zwei Ferienkurse in den Sommerferien 2024 wurden die teilnehmenden Kinder und Jugendlichen dazu angeregt, sich in das m\u00f6gliche Treiben des n\u00e4chtlichen Spengler-Museums in Sangerhausen zu versetzen. Im ersten Ferienkurs wurden einzelne Ausstellungst\u00fccke ausgew\u00e4hlt, Geschichten dazu erfunden und so Museumsinhalte fantasievoll in Einzelbilder abstrahiert. In Kombination von Acrylmalerei und Mosaiktechnik entstanden Bildplatten. Im zweiten Angebot &hellip; <\/p>\n<p class=\"link-more\"><a href=\"https:\/\/musaiq.eu\/?p=314\" class=\"more-link\"><span class=\"screen-reader-text\">\u201eFerienkurse | Nachts im Museum\u201c<\/span> weiterlesen<\/a><\/p>\n","protected":false},"author":1,"featured_media":0,"comment_status":"closed","ping_status":"closed","sticky":false,"template":"","format":"standard","meta":{"footnotes":""},"categories":[14,26],"tags":[],"class_list":["post-314","post","type-post","status-publish","format-standard","hentry","category-2024_3","category-gefoerderte-projekte"],"_links":{"self":[{"href":"https:\/\/musaiq.eu\/index.php?rest_route=\/wp\/v2\/posts\/314","targetHints":{"allow":["GET"]}}],"collection":[{"href":"https:\/\/musaiq.eu\/index.php?rest_route=\/wp\/v2\/posts"}],"about":[{"href":"https:\/\/musaiq.eu\/index.php?rest_route=\/wp\/v2\/types\/post"}],"author":[{"embeddable":true,"href":"https:\/\/musaiq.eu\/index.php?rest_route=\/wp\/v2\/users\/1"}],"replies":[{"embeddable":true,"href":"https:\/\/musaiq.eu\/index.php?rest_route=%2Fwp%2Fv2%2Fcomments&post=314"}],"version-history":[{"count":7,"href":"https:\/\/musaiq.eu\/index.php?rest_route=\/wp\/v2\/posts\/314\/revisions"}],"predecessor-version":[{"id":632,"href":"https:\/\/musaiq.eu\/index.php?rest_route=\/wp\/v2\/posts\/314\/revisions\/632"}],"wp:attachment":[{"href":"https:\/\/musaiq.eu\/index.php?rest_route=%2Fwp%2Fv2%2Fmedia&parent=314"}],"wp:term":[{"taxonomy":"category","embeddable":true,"href":"https:\/\/musaiq.eu\/index.php?rest_route=%2Fwp%2Fv2%2Fcategories&post=314"},{"taxonomy":"post_tag","embeddable":true,"href":"https:\/\/musaiq.eu\/index.php?rest_route=%2Fwp%2Fv2%2Ftags&post=314"}],"curies":[{"name":"wp","href":"https:\/\/api.w.org\/{rel}","templated":true}]}}